{"id":1272,"date":"2024-10-05T13:09:36","date_gmt":"2024-10-05T10:09:36","guid":{"rendered":"https:\/\/otavansanomat.fi\/?p=1272"},"modified":"2023-12-11T13:50:15","modified_gmt":"2023-12-11T11:50:15","slug":"maailman-opettajien-paivaa-05-10-2024","status":"publish","type":"post","link":"https:\/\/otavansanomat.fi\/index.php\/2024\/10\/05\/maailman-opettajien-paivaa-05-10-2024\/","title":{"rendered":"Maailman opettajien p\u00e4iv\u00e4\u00e4. 05. 10. 2024"},"content":{"rendered":"<p>Maailman opettajien p\u00e4iv\u00e4\u00e4 vietet\u00e4\u00e4n vuosittain 5. lokakuuta kunnioittamaan ja arvostamaan opettajien panosta maailmanlaajuisesti. Se tarjoaa mahdollisuuden tunnistaa opettajien keskeinen rooli tulevaisuuden muovaamisessa v\u00e4litt\u00e4m\u00e4ll\u00e4 tietoa ja taitoja opiskelijoille. P\u00e4iv\u00e4 korostaa koulutuksen merkityst\u00e4 ja opettajien omistautumista opiskelijoiden henkisen ja sosiaalisen kehityksen vaalimisessa.<br \/>\nMaailman opettajien p\u00e4iv\u00e4n ajatuksen perusti YK:n koulutus-, tiede- ja kulttuurij\u00e4rjest\u00f6 (UNESCO) vuonna 1994. P\u00e4iv\u00e4m\u00e4\u00e4r\u00e4, lokakuun 5. p\u00e4iv\u00e4, valittiin Unescon\/ILO:n vuonna 1966 antaman opettajien asemaa koskevan suosituksen allekirjoittamisen muistoksi. T\u00e4m\u00e4 suositus m\u00e4\u00e4rittelee opettajien oikeudet ja velvollisuudet sek\u00e4 kansainv\u00e4liset standardit heid\u00e4n perusvalmennukseensa ja jatkokoulutukseen, rekrytointiin, ty\u00f6llistymiseen sek\u00e4 opetus- ja oppimisolosuhteisiin.<br \/>\nMaailman opettajien p\u00e4iv\u00e4n\u00e4 monet maat j\u00e4rjest\u00e4v\u00e4t tapahtumia, seremonioita ja aktiviteetteja kiitt\u00e4\u00e4kseen opettajia ja lis\u00e4t\u00e4kseen tietoisuutta koulutuksen t\u00e4rkeydest\u00e4. Oppilaat, vanhemmat ja yhteis\u00f6t osallistuvat usein osoittamaan arvostavansa opettajien kovaa ty\u00f6t\u00e4 ja omistautumista. Se on p\u00e4iv\u00e4 pohtia opettajien keskeist\u00e4 roolia nykyisten ja tulevien sukupolvien muokkaamisessa.<\/p>\n<p>&nbsp;<\/p>\n<p>Maailman opettajien p\u00e4iv\u00e4 on maailmanlaajuinen juhla, jossa korostetaan koulutuksen merkityst\u00e4 ja opettajien t\u00e4rke\u00e4\u00e4 roolia oppilaiden mielenmuokkauksessa. P\u00e4iv\u00e4 on tilaisuus tarttua kouluttajien kohtaamiin haasteisiin ja edist\u00e4\u00e4 opettajan ammatin arvoa.<br \/>\nMaailman opettajien p\u00e4iv\u00e4n tapahtumiin kuuluu palkintojenjakotilaisuuksia, konferensseja ja kulttuuritapahtumia. Eri oppilaitokset ja organisaatiot voivat j\u00e4rjest\u00e4\u00e4 tapahtumia opettajien kovasta ty\u00f6st\u00e4 ja sitoutumisesta. Hallitukset ja koulutusviranomaiset voivat k\u00e4ytt\u00e4\u00e4 t\u00e4t\u00e4 p\u00e4iv\u00e4\u00e4 keskustellakseen koulutukseen ja opettajien hyvinvointiin liittyvist\u00e4 poliittisista kysymyksist\u00e4.<br \/>\nMaailman opettajien p\u00e4iv\u00e4n teema voi vaihdella vuosittain ja heijastaa koulutuksen ja opetuksen eri n\u00e4k\u00f6kohtia. Teemat keskittyv\u00e4t usein aiheisiin, kuten opettajien voimaantumiseen, koulutuksen laatuun ja opettajien rooliin globaalien kehitystavoitteiden saavuttamisessa.<br \/>\nOn t\u00e4rke\u00e4\u00e4 tunnustaa ja tukea opettajia paitsi Maailman opettajien p\u00e4iv\u00e4n\u00e4 my\u00f6s ymp\u00e4ri vuoden. Opettajat ovat ratkaisevassa roolissa tulevaisuuden muovaamisessa v\u00e4litt\u00e4m\u00e4ll\u00e4 tietoa, edist\u00e4m\u00e4ll\u00e4 kriittist\u00e4 ajattelua ja innostamalla opiskelijoita saavuttamaan t\u00e4yden potentiaalinsa. Heid\u00e4n ponnistelujensa tunnustaminen ja heid\u00e4n tarvitsemiensa resurssien ja tuen varmistaminen edist\u00e4\u00e4 koulutuksen yleist\u00e4 parantamista maailmanlaajuisesti.<\/p>\n<p>&nbsp;<\/p>\n<p><strong> Hadi Moradi.<\/strong><\/p>\n","protected":false},"excerpt":{"rendered":"<p>Maailman opettajien p\u00e4iv\u00e4\u00e4 vietet\u00e4\u00e4n vuosittain 5. lokakuuta kunnioittamaan ja arvostamaan opettajien panosta maailmanlaajuisesti. Se tarjoaa mahdollisuuden tunnistaa opettajien keskeinen rooli tulevaisuuden muovaamisessa v\u00e4litt\u00e4m\u00e4ll\u00e4 tietoa ja taitoja opiskelijoille. P\u00e4iv\u00e4 korostaa koulutuksen&hellip; <\/p>\n","protected":false},"author":18,"featured_media":1291,"comment_status":"open","ping_status":"open","sticky":false,"template":"","format":"standard","meta":{"ngg_post_thumbnail":0,"footnotes":""},"categories":[1],"tags":[],"class_list":["post-1272","post","type-post","status-publish","format-standard","has-post-thumbnail","hentry","category-yleinen"],"_links":{"self":[{"href":"https:\/\/otavansanomat.fi\/index.php\/wp-json\/wp\/v2\/posts\/1272","targetHints":{"allow":["GET"]}}],"collection":[{"href":"https:\/\/otavansanomat.fi\/index.php\/wp-json\/wp\/v2\/posts"}],"about":[{"href":"https:\/\/otavansanomat.fi\/index.php\/wp-json\/wp\/v2\/types\/post"}],"author":[{"embeddable":true,"href":"https:\/\/otavansanomat.fi\/index.php\/wp-json\/wp\/v2\/users\/18"}],"replies":[{"embeddable":true,"href":"https:\/\/otavansanomat.fi\/index.php\/wp-json\/wp\/v2\/comments?post=1272"}],"version-history":[{"count":1,"href":"https:\/\/otavansanomat.fi\/index.php\/wp-json\/wp\/v2\/posts\/1272\/revisions"}],"predecessor-version":[{"id":1297,"href":"https:\/\/otavansanomat.fi\/index.php\/wp-json\/wp\/v2\/posts\/1272\/revisions\/1297"}],"wp:featuredmedia":[{"embeddable":true,"href":"https:\/\/otavansanomat.fi\/index.php\/wp-json\/wp\/v2\/media\/1291"}],"wp:attachment":[{"href":"https:\/\/otavansanomat.fi\/index.php\/wp-json\/wp\/v2\/media?parent=1272"}],"wp:term":[{"taxonomy":"category","embeddable":true,"href":"https:\/\/otavansanomat.fi\/index.php\/wp-json\/wp\/v2\/categories?post=1272"},{"taxonomy":"post_tag","embeddable":true,"href":"https:\/\/otavansanomat.fi\/index.php\/wp-json\/wp\/v2\/tags?post=1272"}],"curies":[{"name":"wp","href":"https:\/\/api.w.org\/{rel}","templated":true}]}}